{"id":3030,"date":"2023-01-24T10:18:40","date_gmt":"2023-01-24T10:18:40","guid":{"rendered":"https:\/\/serpilasamhairclinic.com\/cuales-son-los-factores-que-influyen-en-la-caida-del-cabello\/"},"modified":"2023-01-25T13:13:31","modified_gmt":"2023-01-25T13:13:31","slug":"cuales-son-los-factores-que-influyen-en-la-caida-del-cabello","status":"publish","type":"post","link":"https:\/\/serpilasamhairclinic.com\/es\/cuales-son-los-factores-que-influyen-en-la-caida-del-cabello\/","title":{"rendered":"\u00bfCu\u00e1les son los factores que influyen en la ca\u00edda del cabello?"},"content":{"rendered":"<p>Perder entre 50 y 100 pelos al d\u00eda se considera normal. Sin embargo, cuando la ca\u00edda supera este n\u00famero, al tirar ligeramente del pelo, significa que la tasa de ca\u00edda ha aumentado cuando 4-5 o m\u00e1s mechones de pelo llegan a la mano. En los hombres, en cambio, hay regresi\u00f3n en la l\u00ednea frontal del cabello, aberturas en la frente y en la zona de la coronilla. Cuando se produce un aumento de la ca\u00edda del cabello, lo primero que hay que hacer es consultar a un especialista lo antes posible. Cuando la ca\u00edda del cabello alcanza su fase final, los m\u00e9todos de <strong>trasplante capilar<\/strong> ofrecen soluciones permanentes y naturales a los pacientes. Turqu\u00eda se encuentra entre los pa\u00edses l\u00edderes del sector en el campo del <strong>trasplante capilar Turqu\u00eda<\/strong>. Los <strong>centros de trasplante capilar en Estambul<\/strong> garantizan resultados exitosos tanto en los tratamientos contra la ca\u00edda del cabello como en el campo del trasplante capilar.<\/p>\n<h2><strong>\u00bfQu\u00e9 es la ca\u00edda gen\u00e9tica del cabello (alopecia androgen\u00e9tica)<\/strong>?<\/h2>\n<p>El factor m\u00e1s com\u00fan y dif\u00edcil de tratar entre las causas de la ca\u00edda del cabello es la predisposici\u00f3n gen\u00e9tica. Las personas con antecedentes familiares de calvicie tienen m\u00e1s probabilidades de quedarse calvas con el tiempo. La predisposici\u00f3n gen\u00e9tica, m\u00e1s frecuente en los hombres, provoca una calvicie permanente. El trasplante capilar es la soluci\u00f3n m\u00e1s permanente para quienes sufren p\u00e9rdida de cabello por predisposici\u00f3n gen\u00e9tica.<\/p>\n<h2><strong>Ca\u00edda del cabello por una dieta desequilibrada<\/strong><\/h2>\n<p>Una dieta desequilibrada e irregular provoca la ca\u00edda del cabello. Las sustancias que el organismo debe ingerir con los nutrientes son muy importantes para el desarrollo del cabello. Como estas sustancias se toman de forma incompleta debido a una nutrici\u00f3n insuficiente e irregular, el cabello no puede desarrollarse, se debilita y se cae.<\/p>\n<h2><strong>Ca\u00edda del cabello por enfermedades de la piel<\/strong><\/h2>\n<p>Las enfermedades cut\u00e1neas y de la piel, como los hongos y los eccemas del cuero cabelludo, provocan la ca\u00edda del cabello. Si estas enfermedades no se tratan, provocan una calvicie permanente.<\/p>\n<h2><strong>Ca\u00edda del cabello debida a la medicaci\u00f3n<\/strong><\/h2>\n<p>Algunos f\u00e1rmacos utilizados tienen efectos secundarios como la ca\u00edda del cabello. Debido al consumo inconsciente de drogas, se produce una p\u00e9rdida repentina de cabello. Los anticoagulantes, la gota, la depresi\u00f3n, las enfermedades cardiacas y los f\u00e1rmacos para la hipertensi\u00f3n provocan la ca\u00edda del cabello. Cuando se interrumpe el uso de p\u00edldoras anticonceptivas, se observa una ca\u00edda del cabello.<\/p>\n<h2><strong>\u00bfQu\u00e9 es la ca\u00edda del cabello debida a la enfermedad de la ti\u00f1a (alopecia areata<\/strong>)?<\/h2>\n<p>La alopecia areata, una enfermedad autoinmune conocida como la enfermedad de la ti\u00f1a entre las personas, se produce especialmente en situaciones de estr\u00e9s grave. Mientras que en algunos pacientes provoca la ca\u00edda regional del vello, en otros provoca la ca\u00edda del vello corporal, como cejas, pesta\u00f1as y barba. Factores como la predisposici\u00f3n gen\u00e9tica, los factores neurol\u00f3gicos, las infecciones y el estr\u00e9s son algunos de los factores que desencadenan la enfermedad. Si se trata esta enfermedad, que no causa calvicie permanente, los derrames mejoran.<\/p>\n<h2><strong>Ca\u00edda del cabello relacionada con el estr\u00e9s<\/strong><\/h2>\n<p>El estr\u00e9s es uno de los factores ambientales que provocan la ca\u00edda del cabello. El ajetreo de la vida cotidiana, las experiencias en el entorno escolar y laboral aumentan el nivel de estr\u00e9s de la persona. La ca\u00edda del cabello est\u00e1 provocada por el estr\u00e9s. Puedes contar con el apoyo de psic\u00f3logos expertos para combatir el estr\u00e9s.<\/p>\n<h2><strong>Ca\u00edda del cabello por dosis altas o bajas de vitamina A<\/strong><\/h2>\n<p>La vitamina A es muy importante para la nutrici\u00f3n y el crecimiento del cabello. Si bien la ingesta de dosis elevadas de vitamina A provoca la ca\u00edda del cabello, una peque\u00f1a cantidad de vitamina A tambi\u00e9n provoca la ca\u00edda, por lo que deben tomarse cantidades adecuadas de vitamina A.<\/p>\n<h2><strong>Ca\u00edda del cabello por p\u00e9rdida repentina de peso<\/strong><\/h2>\n<p>La p\u00e9rdida repentina y excesiva de peso tambi\u00e9n provoca la ca\u00edda del cabello. La p\u00e9rdida repentina de peso se debe al trabajo excesivo de la hormona tiroidea. Estos cambios repentinos en el cuerpo se ven afectados por las hormonas. La ca\u00edda del cabello se debe a un desequilibrio hormonal. Por lo general, la ca\u00edda del cabello puede continuar durante una media de 3 a 6 meses y luego detenerse.<\/p>\n<h2><strong>Cabello<\/strong> <strong>P\u00e9rdida de cabello por anorexia y bulimia<\/strong><\/h2>\n<p>En pacientes con trastornos alimentarios como la anorexia y la bulimia, debido a una nutrici\u00f3n inadecuada, el cabello se debilita y provoca la ca\u00edda, ya que no se puede obtener el hierro, las prote\u00ednas, el zinc, las vitaminas y los minerales necesarios para el cabello. Cuando se tratan estas enfermedades, el cabello vuelve a fortalecerse.<\/p>\n<h2><strong>Ca\u00edda del cabello por enfermedades cr\u00f3nicas<\/strong><\/h2>\n<p>Hay m\u00e1s de 30 enfermedades cr\u00f3nicas que provocan la ca\u00edda del cabello. Estas enfermedades provocan la ca\u00edda del cabello. Generalmente, el problema de la p\u00e9rdida de cabello se experimenta en pacientes con tiroides y anemia.<\/p>\n<p>Las enfermedades con fiebre alta, las infecciones, las gripes graves y las intervenciones quir\u00fargicas severas provocan la ca\u00edda del cabello. Estas enfermedades deben diagnosticarse y tratarse.<\/p>\n<h2><strong>Ca\u00edda del cabello por desequilibrio hormonal<\/strong><\/h2>\n<p>Otro motivo de la ca\u00edda del cabello es el desequilibrio hormonal. Especialmente en las mujeres, se experimentan disminuciones o aumentos de los valores hormonales durante los periodos de menstruaci\u00f3n, embarazo, posparto y menopausia. Estos cambios provocan la ca\u00edda del cabello. Si el desequilibrio hormonal se prolonga durante mucho tiempo, aumenta la ca\u00edda del cabello y pueden aparecer problemas de calvicie permanente. tu cabello tambi\u00e9n Si est\u00e1s experimentando derrames, debes hacerte un an\u00e1lisis de sangre lo antes posible y conocer la hormona que los provoca, luego podr\u00e1s solucionar tu problema con los tratamientos necesarios.<\/p>\n<h2><strong>\u00bfQu\u00e9 es la ca\u00edda del cabello por falta de hierro<\/strong>?<\/h2>\n<p>La carencia de hierro es una de las principales causas de la ca\u00edda del cabello. La carencia de hierro se produce en el organismo debido a la malnutrici\u00f3n o a algunas enfermedades. Debido a la dieta desequilibrada, la falta de nutrientes beneficiosos en el organismo provoca una falta de hierro en el cuerpo y causa la ca\u00edda del cabello.<\/p>\n<h2><strong>Ca\u00edda del cabello por enfermedad del cuero cabelludo<\/strong><\/h2>\n<p>La alopecia cicatricial es una lesi\u00f3n permanente de los fol\u00edculos pilosos de una zona del cuero cabelludo. No es posible hacer crecer de nuevo el cabello que se ha perdido como consecuencia de la enfermedad. Cuando aparecen los s\u00edntomas de la enfermedad, se debe consultar a un dermat\u00f3logo y tomar las precauciones necesarias antes de que la enfermedad progrese.<\/p>\n<h2><strong>\u00bfUn cuidado capilar incorrecto provoca la ca\u00edda del cabello<\/strong>?<\/h2>\n<p>Las pr\u00e1cticas incorrectas de cuidado del cabello y los productos capilares que contienen sustancias qu\u00edmicas son algunas de las causas de la ca\u00edda del cabello. Con el tiempo, el cabello debilitado comienza a caerse. Peinarse con el pelo mojado y utilizar un peine inadecuado puede provocar la ca\u00edda del cabello. Atar el pelo con demasiada fuerza hace que las ra\u00edces se estiren y se rompan. Lavar el pelo con agua muy caliente o muy fr\u00eda da\u00f1a el cuero cabelludo.<\/p>\n<p>En particular, las mujeres suelen te\u00f1irse el pelo, lo que provoca su ca\u00edda. Los productos qu\u00edmicos de los tintes da\u00f1an el cuero cabelludo y las ra\u00edces.<\/p>\n<p>Utilizar productos cosm\u00e9ticos inadecuados provoca la ca\u00edda del cabello. El uso de champ\u00fa y acondicionador con contenido qu\u00edmico impide que los poros del cuero cabelludo se cierren y que los fol\u00edculos pilosos respiren y se nutran. Productos como el gel y el spray utilizados provocan la ca\u00edda del cabello. Al lavar el cabello, estos productos deben limpiarse a fondo.<\/p>\n","protected":false},"excerpt":{"rendered":"<p>Perder entre 50 y 100 pelos al d\u00eda se considera normal. Sin embargo, cuando la ca\u00edda supera este n\u00famero, al tirar ligeramente del pelo, significa que la tasa de ca\u00edda ha aumentado cuando 4-5 o m\u00e1s mechones de pelo llegan a la mano. En los hombres, en cambio, hay regresi\u00f3n en la l\u00ednea frontal del [&hellip;]<\/p>\n","protected":false},"author":1,"featured_media":3301,"comment_status":"open","ping_status":"open","sticky":false,"template":"","format":"standard","meta":{"footnotes":""},"categories":[12],"tags":[],"class_list":["post-3030","post","type-post","status-publish","format-standard","has-post-thumbnail","hentry","category-cabello"],"_links":{"self":[{"href":"https:\/\/serpilasamhairclinic.com\/es\/wp-json\/wp\/v2\/posts\/3030","targetHints":{"allow":["GET"]}}],"collection":[{"href":"https:\/\/serpilasamhairclinic.com\/es\/wp-json\/wp\/v2\/posts"}],"about":[{"href":"https:\/\/serpilasamhairclinic.com\/es\/wp-json\/wp\/v2\/types\/post"}],"author":[{"embeddable":true,"href":"https:\/\/serpilasamhairclinic.com\/es\/wp-json\/wp\/v2\/users\/1"}],"replies":[{"embeddable":true,"href":"https:\/\/serpilasamhairclinic.com\/es\/wp-json\/wp\/v2\/comments?post=3030"}],"version-history":[{"count":0,"href":"https:\/\/serpilasamhairclinic.com\/es\/wp-json\/wp\/v2\/posts\/3030\/revisions"}],"wp:featuredmedia":[{"embeddable":true,"href":"https:\/\/serpilasamhairclinic.com\/es\/wp-json\/wp\/v2\/media\/3301"}],"wp:attachment":[{"href":"https:\/\/serpilasamhairclinic.com\/es\/wp-json\/wp\/v2\/media?parent=3030"}],"wp:term":[{"taxonomy":"category","embeddable":true,"href":"https:\/\/serpilasamhairclinic.com\/es\/wp-json\/wp\/v2\/categories?post=3030"},{"taxonomy":"post_tag","embeddable":true,"href":"https:\/\/serpilasamhairclinic.com\/es\/wp-json\/wp\/v2\/tags?post=3030"}],"curies":[{"name":"wp","href":"https:\/\/api.w.org\/{rel}","templated":true}]}}